{"id":702,"date":"2021-11-25T08:44:23","date_gmt":"2021-11-25T12:44:23","guid":{"rendered":"http:\/\/redfi.udec.cl\/?p=702"},"modified":"2021-11-25T10:22:44","modified_gmt":"2021-11-25T14:22:44","slug":"ventajas-y-oportunidades-de-la-alianza-apta-udec","status":"publish","type":"post","link":"http:\/\/redfi.udec.cl\/?p=702","title":{"rendered":"Ventajas y oportunidades de la alianza APTA \u2013 UdeC"},"content":{"rendered":"<div class=\"et_pb_column et_pb_column_4_4 et_pb_column_1 et_pb_css_mix_blend_mode_passthrough et-last-child\"><\/div>\n<div><\/div>\n<div>Te invitamos a participar de este especial webinar, con foco en la Facultad de Ingenieria (UdeC), organizando por APTA y la FI UdeC.<\/div>\n<div><\/div>\n<div>En el encuentro, participa Varinka Farren, directora ejecutiva de APTA; Luis Mor\u00e1n, Decano FI; y Roberto Parra, docente e investigador del Departamento de Ingenier\u00eda Metal\u00fargica, qui\u00e9n compartir\u00e1 su experiencia participando de las iniciativas HUB APTA, que fomentan la cultura de innovaci\u00f3n entre investigadores.<\/div>\n<div><\/div>\n<div><strong>INSCRIPCIONES EN ESTE <a href=\"https:\/\/forms.gle\/Xp6jf1JisHNwdET19\">LINK<\/a><\/strong>.<\/div>\n","protected":false},"excerpt":{"rendered":"<p>Te invitamos a participar de este especial webinar, con foco en la Facultad de Ingenieria (UdeC), organizando por APTA y la FI UdeC.<\/p>\n<p>En el encuentro, participa Varinka Farren, directora ejecutiva de APTA; Luis Mor\u00e1n, Decano FI; y Roberto Parra, docente e investigador del Departamento de Ingenier\u00eda Metal\u00fargica, qui\u00e9n compartir\u00e1 su experiencia participando de las iniciativas HUB APTA, que fomentan la cultura de innovaci\u00f3n entre investigadores.<\/p>\n<p><strong>INSCRIPCIONES EN ESTE <a href=\"https:\/\/forms.gle\/Xp6jf1JisHNwdET19\">LINK<\/a><\/strong>.<\/p>\n","protected":false},"author":8,"featured_media":703,"comment_status":"open","ping_status":"open","sticky":false,"template":"","format":"standard","meta":{"_et_pb_use_builder":"","_et_pb_old_content":"","_et_gb_content_width":""},"categories":[8],"tags":[],"yoast_head":"<!-- This site is optimized with the Yoast SEO plugin v15.7 - https:\/\/yoast.com\/wordpress\/plugins\/seo\/ -->\n<title>Ventajas y oportunidades de la alianza APTA \u2013 UdeC - Red FI<\/title>\n<meta name=\"robots\" content=\"index, follow, max-snippet:-1, max-image-preview:large, max-video-preview:-1\" \/>\n<link rel=\"canonical\" href=\"http:\/\/redfi.udec.cl\/?p=702\" \/>\n<meta property=\"og:locale\" content=\"es_ES\" \/>\n<meta property=\"og:type\" content=\"article\" \/>\n<meta property=\"og:title\" content=\"Ventajas y oportunidades de la alianza APTA \u2013 UdeC - Red FI\" \/>\n<meta property=\"og:description\" content=\"Te invitamos a participar de este especial webinar, con foco en la Facultad de Ingenieria (UdeC), organizando por APTA y la FI UdeC. En el encuentro, participa Varinka Farren, directora ejecutiva de APTA; Luis Mor\u00e1n, Decano FI; y Roberto Parra, docente e investigador del Departamento de Ingenier\u00eda Metal\u00fargica, qui\u00e9n compartir\u00e1 su experiencia participando de las iniciativas HUB APTA, que fomentan la cultura de innovaci\u00f3n entre investigadores. INSCRIPCIONES EN ESTE LINK.\" \/>\n<meta property=\"og:url\" content=\"http:\/\/redfi.udec.cl\/?p=702\" \/>\n<meta property=\"og:site_name\" content=\"Red FI\" \/>\n<meta property=\"article:published_time\" content=\"2021-11-25T12:44:23+00:00\" \/>\n<meta property=\"article:modified_time\" content=\"2021-11-25T14:22:44+00:00\" \/>\n<meta property=\"og:image\" content=\"http:\/\/redfi.udec.cl\/wp-content\/uploads\/2021\/11\/charlaaaa.jpg\" \/>\n\t<meta property=\"og:image:width\" content=\"1280\" \/>\n\t<meta property=\"og:image:height\" content=\"640\" \/>\n<meta name=\"twitter:card\" content=\"summary_large_image\" \/>\n<meta name=\"twitter:label1\" content=\"Est. reading time\">\n\t<meta name=\"twitter:data1\" content=\"1 minuto\">\n<script type=\"application\/ld+json\" class=\"yoast-schema-graph\">{\"@context\":\"https:\/\/schema.org\",\"@graph\":[{\"@type\":\"Organization\",\"@id\":\"http:\/\/redfi.udec.cl\/#organization\",\"name\":\"Red FI\",\"url\":\"http:\/\/redfi.udec.cl\/\",\"sameAs\":[],\"logo\":{\"@type\":\"ImageObject\",\"@id\":\"http:\/\/redfi.udec.cl\/#logo\",\"inLanguage\":\"es-CL\",\"url\":\"http:\/\/redfi.udec.cl\/wp-content\/uploads\/2020\/10\/red_FI.png\",\"width\":800,\"height\":295,\"caption\":\"Red FI\"},\"image\":{\"@id\":\"http:\/\/redfi.udec.cl\/#logo\"}},{\"@type\":\"WebSite\",\"@id\":\"http:\/\/redfi.udec.cl\/#website\",\"url\":\"http:\/\/redfi.udec.cl\/\",\"name\":\"Red FI\",\"description\":\"Red Facultad de Ingenier\\u00eda UdeC\",\"publisher\":{\"@id\":\"http:\/\/redfi.udec.cl\/#organization\"},\"potentialAction\":[{\"@type\":\"SearchAction\",\"target\":\"http:\/\/redfi.udec.cl\/?s={search_term_string}\",\"query-input\":\"required name=search_term_string\"}],\"inLanguage\":\"es-CL\"},{\"@type\":\"ImageObject\",\"@id\":\"http:\/\/redfi.udec.cl\/?p=702#primaryimage\",\"inLanguage\":\"es-CL\",\"url\":\"http:\/\/redfi.udec.cl\/wp-content\/uploads\/2021\/11\/charlaaaa.jpg\",\"width\":1280,\"height\":640},{\"@type\":\"WebPage\",\"@id\":\"http:\/\/redfi.udec.cl\/?p=702#webpage\",\"url\":\"http:\/\/redfi.udec.cl\/?p=702\",\"name\":\"Ventajas y oportunidades de la alianza APTA \\u2013 UdeC - Red FI\",\"isPartOf\":{\"@id\":\"http:\/\/redfi.udec.cl\/#website\"},\"primaryImageOfPage\":{\"@id\":\"http:\/\/redfi.udec.cl\/?p=702#primaryimage\"},\"datePublished\":\"2021-11-25T12:44:23+00:00\",\"dateModified\":\"2021-11-25T14:22:44+00:00\",\"inLanguage\":\"es-CL\",\"potentialAction\":[{\"@type\":\"ReadAction\",\"target\":[\"http:\/\/redfi.udec.cl\/?p=702\"]}]},{\"@type\":\"Article\",\"@id\":\"http:\/\/redfi.udec.cl\/?p=702#article\",\"isPartOf\":{\"@id\":\"http:\/\/redfi.udec.cl\/?p=702#webpage\"},\"author\":{\"@id\":\"http:\/\/redfi.udec.cl\/#\/schema\/person\/871da69eaf535ea61e4ce3e22c7ea070\"},\"headline\":\"Ventajas y oportunidades de la alianza APTA \\u2013 UdeC\",\"datePublished\":\"2021-11-25T12:44:23+00:00\",\"dateModified\":\"2021-11-25T14:22:44+00:00\",\"mainEntityOfPage\":{\"@id\":\"http:\/\/redfi.udec.cl\/?p=702#webpage\"},\"commentCount\":0,\"publisher\":{\"@id\":\"http:\/\/redfi.udec.cl\/#organization\"},\"image\":{\"@id\":\"http:\/\/redfi.udec.cl\/?p=702#primaryimage\"},\"articleSection\":\"Noticias\",\"inLanguage\":\"es-CL\",\"potentialAction\":[{\"@type\":\"CommentAction\",\"name\":\"Comment\",\"target\":[\"http:\/\/redfi.udec.cl\/?p=702#respond\"]}]},{\"@type\":\"Person\",\"@id\":\"http:\/\/redfi.udec.cl\/#\/schema\/person\/871da69eaf535ea61e4ce3e22c7ea070\",\"name\":\"Paulina Vejar Asem\",\"image\":{\"@type\":\"ImageObject\",\"@id\":\"http:\/\/redfi.udec.cl\/#personlogo\",\"inLanguage\":\"es-CL\",\"url\":\"http:\/\/0.gravatar.com\/avatar\/9c110a80395fc3ba3c4d6c473beb78a0?s=96&d=mm&r=g\",\"caption\":\"Paulina Vejar Asem\"}}]}<\/script>\n<!-- \/ Yoast SEO plugin. -->","_links":{"self":[{"href":"http:\/\/redfi.udec.cl\/index.php?rest_route=\/wp\/v2\/posts\/702"}],"collection":[{"href":"http:\/\/redfi.udec.cl\/index.php?rest_route=\/wp\/v2\/posts"}],"about":[{"href":"http:\/\/redfi.udec.cl\/index.php?rest_route=\/wp\/v2\/types\/post"}],"author":[{"embeddable":true,"href":"http:\/\/redfi.udec.cl\/index.php?rest_route=\/wp\/v2\/users\/8"}],"replies":[{"embeddable":true,"href":"http:\/\/redfi.udec.cl\/index.php?rest_route=%2Fwp%2Fv2%2Fcomments&post=702"}],"version-history":[{"count":5,"href":"http:\/\/redfi.udec.cl\/index.php?rest_route=\/wp\/v2\/posts\/702\/revisions"}],"predecessor-version":[{"id":708,"href":"http:\/\/redfi.udec.cl\/index.php?rest_route=\/wp\/v2\/posts\/702\/revisions\/708"}],"wp:featuredmedia":[{"embeddable":true,"href":"http:\/\/redfi.udec.cl\/index.php?rest_route=\/wp\/v2\/media\/703"}],"wp:attachment":[{"href":"http:\/\/redfi.udec.cl\/index.php?rest_route=%2Fwp%2Fv2%2Fmedia&parent=702"}],"wp:term":[{"taxonomy":"category","embeddable":true,"href":"http:\/\/redfi.udec.cl\/index.php?rest_route=%2Fwp%2Fv2%2Fcategories&post=702"},{"taxonomy":"post_tag","embeddable":true,"href":"http:\/\/redfi.udec.cl\/index.php?rest_route=%2Fwp%2Fv2%2Ftags&post=702"}],"curies":[{"name":"wp","href":"https:\/\/api.w.org\/{rel}","templated":true}]}}